{"id":134,"date":"2019-05-02T11:21:46","date_gmt":"2019-05-02T09:21:46","guid":{"rendered":"https:\/\/soziales-rheinfelden.de\/?p=134"},"modified":"2019-05-02T12:29:41","modified_gmt":"2019-05-02T10:29:41","slug":"treffen-sie-die-kandidaten-von-soziales-rheinfelden","status":"publish","type":"post","link":"https:\/\/soziales-rheinfelden.de\/index.php\/treffen-sie-die-kandidaten-von-soziales-rheinfelden\/","title":{"rendered":"Treffen Sie die Kandidaten von Soziales Rheinfelden"},"content":{"rendered":"<p>Wir freuen uns, mit Ihnen ins Gespr\u00e4ch zu kommen. Deshalb ver\u00f6ffentlichen wir hier regelm\u00e4\u00dfig aktualisiert unsere Wahlkampftermine:<br \/>\n<b>4. Mai 2019, 10:00-14:00 Uhr:<\/b><br \/>\nInfostand, Karl-F\u00fcrstenberg-Str. 6<br \/>\n<b>10. Mai 2019, 19.30 Uhr:<\/b><br \/>\nPodiumsdiskussion der IG Velo e.V.: &#8222;Verkehrspolitik im Zeichen des Klimawandels. Wie kann in Rheinfelden der Radverkehr gef\u00f6rdert werden?&#8220;, VHS Rheinfelden<br \/>\n<b>11. Mai 2019, 10:00-14:00 Uhr:<\/b><br \/>\nInfostand, Karl-F\u00fcrstenberg-Str. 6<br \/>\n<b>18. Mai 2019, 10:00-14:00 Uhr:<\/b><br \/>\nInfostand, Karl-F\u00fcrstenberg-Str. 6<br \/>\n<b>21. Mai 2019, 18:00 Uhr:<\/b><br \/>\nPolitik &#038; Pizza, B\u00fcrgersaal<br \/>\n<b>25. Mai 2019, 10:00-14:00 Uhr:<\/b><br \/>\nInfostand, Karl-F\u00fcrstenberg-Str. 6<\/p>\n","protected":false},"excerpt":{"rendered":"<p>Wir freuen uns, mit Ihnen ins Gespr\u00e4ch zu kommen. Deshalb ver\u00f6ffentlichen wir hier regelm\u00e4\u00dfig aktualisiert unsere Wahlkampftermine: 4. Mai 2019, 10:00-14:00 Uhr: Infostand, Karl-F\u00fcrstenberg-Str. 6 10. Mai 2019, 19.30 Uhr: Podiumsdiskussion der IG Velo e.V.: &#8222;Verkehrspolitik im Zeichen des Klimawandels. Wie kann in Rheinfelden der Radverkehr gef\u00f6rdert werden?&#8220;, VHS Rheinfelden 11. Mai 2019, 10:00-14:00 Uhr: &hellip; <\/p>\n<p class=\"link-more\"><a href=\"https:\/\/soziales-rheinfelden.de\/index.php\/treffen-sie-die-kandidaten-von-soziales-rheinfelden\/\" class=\"more-link\"><span class=\"screen-reader-text\">\u201eTreffen Sie die Kandidaten von Soziales Rheinfelden\u201c<\/span> weiterlesen<\/a><\/p>\n","protected":false},"author":1,"featured_media":0,"comment_status":"open","ping_status":"open","sticky":false,"template":"","format":"standard","meta":{"footnotes":""},"categories":[1],"tags":[],"class_list":["post-134","post","type-post","status-publish","format-standard","hentry","category-uncategorized"],"_links":{"self":[{"href":"https:\/\/soziales-rheinfelden.de\/index.php\/wp-json\/wp\/v2\/posts\/134","targetHints":{"allow":["GET"]}}],"collection":[{"href":"https:\/\/soziales-rheinfelden.de\/index.php\/wp-json\/wp\/v2\/posts"}],"about":[{"href":"https:\/\/soziales-rheinfelden.de\/index.php\/wp-json\/wp\/v2\/types\/post"}],"author":[{"embeddable":true,"href":"https:\/\/soziales-rheinfelden.de\/index.php\/wp-json\/wp\/v2\/users\/1"}],"replies":[{"embeddable":true,"href":"https:\/\/soziales-rheinfelden.de\/index.php\/wp-json\/wp\/v2\/comments?post=134"}],"version-history":[{"count":5,"href":"https:\/\/soziales-rheinfelden.de\/index.php\/wp-json\/wp\/v2\/posts\/134\/revisions"}],"predecessor-version":[{"id":139,"href":"https:\/\/soziales-rheinfelden.de\/index.php\/wp-json\/wp\/v2\/posts\/134\/revisions\/139"}],"wp:attachment":[{"href":"https:\/\/soziales-rheinfelden.de\/index.php\/wp-json\/wp\/v2\/media?parent=134"}],"wp:term":[{"taxonomy":"category","embeddable":true,"href":"https:\/\/soziales-rheinfelden.de\/index.php\/wp-json\/wp\/v2\/categories?post=134"},{"taxonomy":"post_tag","embeddable":true,"href":"https:\/\/soziales-rheinfelden.de\/index.php\/wp-json\/wp\/v2\/tags?post=134"}],"curies":[{"name":"wp","href":"https:\/\/api.w.org\/{rel}","templated":true}]}}