{"id":143,"date":"2019-05-28T17:16:22","date_gmt":"2019-05-28T15:16:22","guid":{"rendered":"https:\/\/soziales-rheinfelden.de\/?p=143"},"modified":"2019-05-28T17:16:22","modified_gmt":"2019-05-28T15:16:22","slug":"danke-fuer-ihre-deine-unterstuetzung","status":"publish","type":"post","link":"https:\/\/soziales-rheinfelden.de\/index.php\/danke-fuer-ihre-deine-unterstuetzung\/","title":{"rendered":"Danke f\u00fcr Ihre\/Deine Unterst\u00fctzung &#8230;"},"content":{"rendered":"<p>&#8230; die es m\u00f6glich gemacht hat, schon beim ersten Antreten einen Vertreter in den Gemeinderat zu entsenden.<br \/>\nWir freuen uns sehr \u00fcber den Vertrauensvorschuss und wollen flei\u00dfig daran arbeiten, Sie\/Dich nicht zu entt\u00e4uschen!<\/p>\n<p>Felix wird in seiner Arbeit vom gesamten Team unterst\u00fctzt und wir wollen als Team in der gesamten Legislaturperiode f\u00fcr ein soziales Rheinfelden arbeiten.<br \/>\n\u00dcber weitere Mitstreiter*innen, die gemeinsam mit uns die Idee weiterentwickeln wollen, w\u00fcrden wir uns herzlich freuen!<\/p>\n<p>Wir werden \u00fcber diesen Kanal weiter zur Gemeinderatsarbeit von Felix berichten.<\/p>\n","protected":false},"excerpt":{"rendered":"<p>&#8230; die es m\u00f6glich gemacht hat, schon beim ersten Antreten einen Vertreter in den Gemeinderat zu entsenden. Wir freuen uns sehr \u00fcber den Vertrauensvorschuss und wollen flei\u00dfig daran arbeiten, Sie\/Dich nicht zu entt\u00e4uschen! Felix wird in seiner Arbeit vom gesamten Team unterst\u00fctzt und wir wollen als Team in der gesamten Legislaturperiode f\u00fcr ein soziales Rheinfelden &hellip; <\/p>\n<p class=\"link-more\"><a href=\"https:\/\/soziales-rheinfelden.de\/index.php\/danke-fuer-ihre-deine-unterstuetzung\/\" class=\"more-link\"><span class=\"screen-reader-text\">\u201eDanke f\u00fcr Ihre\/Deine Unterst\u00fctzung &#8230;\u201c<\/span> weiterlesen<\/a><\/p>\n","protected":false},"author":1,"featured_media":0,"comment_status":"open","ping_status":"open","sticky":false,"template":"","format":"standard","meta":{"footnotes":""},"categories":[3],"tags":[],"class_list":["post-143","post","type-post","status-publish","format-standard","hentry","category-leitbild"],"_links":{"self":[{"href":"https:\/\/soziales-rheinfelden.de\/index.php\/wp-json\/wp\/v2\/posts\/143","targetHints":{"allow":["GET"]}}],"collection":[{"href":"https:\/\/soziales-rheinfelden.de\/index.php\/wp-json\/wp\/v2\/posts"}],"about":[{"href":"https:\/\/soziales-rheinfelden.de\/index.php\/wp-json\/wp\/v2\/types\/post"}],"author":[{"embeddable":true,"href":"https:\/\/soziales-rheinfelden.de\/index.php\/wp-json\/wp\/v2\/users\/1"}],"replies":[{"embeddable":true,"href":"https:\/\/soziales-rheinfelden.de\/index.php\/wp-json\/wp\/v2\/comments?post=143"}],"version-history":[{"count":1,"href":"https:\/\/soziales-rheinfelden.de\/index.php\/wp-json\/wp\/v2\/posts\/143\/revisions"}],"predecessor-version":[{"id":144,"href":"https:\/\/soziales-rheinfelden.de\/index.php\/wp-json\/wp\/v2\/posts\/143\/revisions\/144"}],"wp:attachment":[{"href":"https:\/\/soziales-rheinfelden.de\/index.php\/wp-json\/wp\/v2\/media?parent=143"}],"wp:term":[{"taxonomy":"category","embeddable":true,"href":"https:\/\/soziales-rheinfelden.de\/index.php\/wp-json\/wp\/v2\/categories?post=143"},{"taxonomy":"post_tag","embeddable":true,"href":"https:\/\/soziales-rheinfelden.de\/index.php\/wp-json\/wp\/v2\/tags?post=143"}],"curies":[{"name":"wp","href":"https:\/\/api.w.org\/{rel}","templated":true}]}}