{"id":165,"date":"2021-11-19T10:57:32","date_gmt":"2021-11-19T09:57:32","guid":{"rendered":"https:\/\/soziales-rheinfelden.de\/?p=165"},"modified":"2021-11-19T10:57:32","modified_gmt":"2021-11-19T09:57:32","slug":"soeren-die-gemeinsame-fraktion","status":"publish","type":"post","link":"https:\/\/soziales-rheinfelden.de\/index.php\/soeren-die-gemeinsame-fraktion\/","title":{"rendered":"S\u00d6REN, die gemeinsame Fraktion"},"content":{"rendered":"<p>Nach zweieinhalb Jahren erfolgreicher Gemeinderatsarbeit, hat Felix Rogge sein Studium in Freiburg angetreten und Rheinfelden verlassen. Soziales Rheinfelden dankt auch an dieser Stelle nochmal ganz herzlich f\u00fcr seine au\u00dferordentlich engagierte Arbeit im Gemeinderat.<br \/>\nAm 18.11.2021 hat R\u00fcdiger Lorenz seine Nachfolge angetreten. Soziales Rheinfelden hat nach reiflicher \u00dcberlegung und intensiven Beratungen entschieden, den bisherigen Gaststatus bei der Fraktion der Gr\u00fcnen aufzugeben und k\u00fcnftig gemeinsam mit den Gemeinder\u00e4t:innen Christiane Poppe, J\u00f6rg Moritz-Reinbach, und Dr. Alexander Strehmel eine Fraktionsgemeinschaft auf Augenh\u00f6he zu begr\u00fcnden, die als Fraktion &#8222;Sozial-\u00d6kologisches Rheinfelden (S\u00d6REN)&#8220; ihre Arbeit aufgenommen hat. Fraktionsvorsitzender ist J\u00f6rg Moritz-Reinbach (Gr\u00fcne), stellvertretender Fraktionsvorsitzender R\u00fcdiger Lorenz (Soziales Rheinfelden (WSR)).<br \/>\nWir sind \u00fcberzeugt davon, in dieser Zusammenarbeit soziale und \u00f6kologische Aspekte besser als unter den bisherigen Bedingungen in die Fraktionsarbeit einbringen zu k\u00f6nnen und freuen uns auf eine erfolgreiche Zusammenarbeit zum Wohl der Stadt Rheinfelden und aller Bewohner.<\/p>\n<p>Der bisherigen Fraktion Gr\u00fcne dankt Soziales Rheinfelden f\u00fcr ihre Gastfreundschaft und hofft auch f\u00fcr die Zukunft auf eine fruchtbare Zusammenarbeit im Gemeinderat, wo gemeinsame Ziele dies erm\u00f6glichen.<\/p>\n<p>R\u00fcdiger Lorenz, der sein bisheriges ehrenamtliches Engagement im Vorstand von Freifunk zugunsten der Arbeit als Stadtrat aufgibt, hat die Aufwandsentsch\u00e4digungen und die Sitzungsgelder aus seiner Gemeinderatsarbeit mit Erkl\u00e4rung vom 18.11.2021 an den Arbeitskreis Miteinander e.V. zugunsten des Freundeskreises Asyl Rheinfelden abgetreten. Sein ehrenamtliches Engagement f\u00fcr Gefl\u00fcchtete im Freundeskreis Asyl wird er unver\u00e4ndert fortsetzen.<br \/>\nEin besonderes Anliegen ist ihm dabei das Projekt &#8222;Familienk\u00fcche international&#8220;, das jeden Donnerstag ein Mittagessen gegen Spende anbietet, weil es eine niederschwellige Chance f\u00fcr alle bietet, sich einander vertraut zu machen. Nicht nur Neub\u00fcrger, sondern auch schon l\u00e4nger in Rheinfelden Ans\u00e4ssige treffen sich dort zum gemeinsamen Kochen und Essen und lernen sich so kennen und sch\u00e4tzen.<\/p>\n","protected":false},"excerpt":{"rendered":"<p>Nach zweieinhalb Jahren erfolgreicher Gemeinderatsarbeit, hat Felix Rogge sein Studium in Freiburg angetreten und Rheinfelden verlassen. Soziales Rheinfelden dankt auch an dieser Stelle nochmal ganz herzlich f\u00fcr seine au\u00dferordentlich engagierte Arbeit im Gemeinderat. Am 18.11.2021 hat R\u00fcdiger Lorenz seine Nachfolge angetreten. Soziales Rheinfelden hat nach reiflicher \u00dcberlegung und intensiven Beratungen entschieden, den bisherigen Gaststatus bei &hellip; <\/p>\n<p class=\"link-more\"><a href=\"https:\/\/soziales-rheinfelden.de\/index.php\/soeren-die-gemeinsame-fraktion\/\" class=\"more-link\"><span class=\"screen-reader-text\">\u201eS\u00d6REN, die gemeinsame Fraktion\u201c<\/span> weiterlesen<\/a><\/p>\n","protected":false},"author":1,"featured_media":0,"comment_status":"open","ping_status":"open","sticky":false,"template":"","format":"standard","meta":{"footnotes":""},"categories":[8],"tags":[10,9,11],"class_list":["post-165","post","type-post","status-publish","format-standard","hentry","category-soeren","tag-fraktion","tag-gemeinderat","tag-soeren"],"_links":{"self":[{"href":"https:\/\/soziales-rheinfelden.de\/index.php\/wp-json\/wp\/v2\/posts\/165","targetHints":{"allow":["GET"]}}],"collection":[{"href":"https:\/\/soziales-rheinfelden.de\/index.php\/wp-json\/wp\/v2\/posts"}],"about":[{"href":"https:\/\/soziales-rheinfelden.de\/index.php\/wp-json\/wp\/v2\/types\/post"}],"author":[{"embeddable":true,"href":"https:\/\/soziales-rheinfelden.de\/index.php\/wp-json\/wp\/v2\/users\/1"}],"replies":[{"embeddable":true,"href":"https:\/\/soziales-rheinfelden.de\/index.php\/wp-json\/wp\/v2\/comments?post=165"}],"version-history":[{"count":1,"href":"https:\/\/soziales-rheinfelden.de\/index.php\/wp-json\/wp\/v2\/posts\/165\/revisions"}],"predecessor-version":[{"id":166,"href":"https:\/\/soziales-rheinfelden.de\/index.php\/wp-json\/wp\/v2\/posts\/165\/revisions\/166"}],"wp:attachment":[{"href":"https:\/\/soziales-rheinfelden.de\/index.php\/wp-json\/wp\/v2\/media?parent=165"}],"wp:term":[{"taxonomy":"category","embeddable":true,"href":"https:\/\/soziales-rheinfelden.de\/index.php\/wp-json\/wp\/v2\/categories?post=165"},{"taxonomy":"post_tag","embeddable":true,"href":"https:\/\/soziales-rheinfelden.de\/index.php\/wp-json\/wp\/v2\/tags?post=165"}],"curies":[{"name":"wp","href":"https:\/\/api.w.org\/{rel}","templated":true}]}}