{"id":259,"date":"2024-06-11T00:15:16","date_gmt":"2024-06-10T22:15:16","guid":{"rendered":"https:\/\/soziales-rheinfelden.de\/?p=259"},"modified":"2024-06-11T00:16:33","modified_gmt":"2024-06-10T22:16:33","slug":"herzlichen-dank-fuer-das-vertrauen","status":"publish","type":"post","link":"https:\/\/soziales-rheinfelden.de\/index.php\/herzlichen-dank-fuer-das-vertrauen\/","title":{"rendered":"Herzlichen Dank f\u00fcr das Vertrauen!"},"content":{"rendered":"<p>Wir bedanken uns alle ganz herzlich f\u00fcr die f\u00fcr die Kandidat*innen unserer Liste abgegebenen Stimmen. Steffi Bl\u00e4si hat mit deren Hilfe den Einzug in den Gemeinderat geschafft und wird Soziales Rheinfelden f\u00fcr die n\u00e4chsten 5 Jahre dort vertreten.<br \/>\nSchon vor der Wahl haben wir als S\u00d6Ren-Fraktion abgesprochen, dass wir gemeinsam die erfolgreiche Arbeit zum Wohl der Stadt und aller Menschen die hier leben, fortsetzen wollen, wenn sich die M\u00f6glichkeit dazu ergibt. Wir freuen uns auch, dass die bisherigen Mandate alle erfolgreich f\u00fcr die beiden Listen verteidigt werden konnten und freuen uns, dass die gute Zusammenarbeit unter den neuen personellen Voraussetzungen weiter gehen kann. Der Gemeinderat ist j\u00fcnger und weiblicher geworden und das ist auch gut so!<\/p>\n<p>Nochmals ganz herzlichen Dank f\u00fcr das in uns gesetzte Vertrauen!<\/p>\n","protected":false},"excerpt":{"rendered":"<p>Wir bedanken uns alle ganz herzlich f\u00fcr die f\u00fcr die Kandidat*innen unserer Liste abgegebenen Stimmen. Steffi Bl\u00e4si hat mit deren Hilfe den Einzug in den Gemeinderat geschafft und wird Soziales Rheinfelden f\u00fcr die n\u00e4chsten 5 Jahre dort vertreten. Schon vor der Wahl haben wir als S\u00d6Ren-Fraktion abgesprochen, dass wir gemeinsam die erfolgreiche Arbeit zum Wohl &hellip; <\/p>\n<p class=\"link-more\"><a href=\"https:\/\/soziales-rheinfelden.de\/index.php\/herzlichen-dank-fuer-das-vertrauen\/\" class=\"more-link\"><span class=\"screen-reader-text\">\u201eHerzlichen Dank f\u00fcr das Vertrauen!\u201c<\/span> weiterlesen<\/a><\/p>\n","protected":false},"author":1,"featured_media":0,"comment_status":"open","ping_status":"open","sticky":false,"template":"","format":"standard","meta":{"footnotes":""},"categories":[1],"tags":[],"class_list":["post-259","post","type-post","status-publish","format-standard","hentry","category-uncategorized"],"_links":{"self":[{"href":"https:\/\/soziales-rheinfelden.de\/index.php\/wp-json\/wp\/v2\/posts\/259","targetHints":{"allow":["GET"]}}],"collection":[{"href":"https:\/\/soziales-rheinfelden.de\/index.php\/wp-json\/wp\/v2\/posts"}],"about":[{"href":"https:\/\/soziales-rheinfelden.de\/index.php\/wp-json\/wp\/v2\/types\/post"}],"author":[{"embeddable":true,"href":"https:\/\/soziales-rheinfelden.de\/index.php\/wp-json\/wp\/v2\/users\/1"}],"replies":[{"embeddable":true,"href":"https:\/\/soziales-rheinfelden.de\/index.php\/wp-json\/wp\/v2\/comments?post=259"}],"version-history":[{"count":3,"href":"https:\/\/soziales-rheinfelden.de\/index.php\/wp-json\/wp\/v2\/posts\/259\/revisions"}],"predecessor-version":[{"id":262,"href":"https:\/\/soziales-rheinfelden.de\/index.php\/wp-json\/wp\/v2\/posts\/259\/revisions\/262"}],"wp:attachment":[{"href":"https:\/\/soziales-rheinfelden.de\/index.php\/wp-json\/wp\/v2\/media?parent=259"}],"wp:term":[{"taxonomy":"category","embeddable":true,"href":"https:\/\/soziales-rheinfelden.de\/index.php\/wp-json\/wp\/v2\/categories?post=259"},{"taxonomy":"post_tag","embeddable":true,"href":"https:\/\/soziales-rheinfelden.de\/index.php\/wp-json\/wp\/v2\/tags?post=259"}],"curies":[{"name":"wp","href":"https:\/\/api.w.org\/{rel}","templated":true}]}}